{"id":548,"date":"2023-02-06T21:20:45","date_gmt":"2023-02-06T21:20:45","guid":{"rendered":"https:\/\/artisans-venise-en-quebec.com\/fr\/?p=548"},"modified":"2023-02-23T22:43:03","modified_gmt":"2023-02-23T22:43:03","slug":"un-petit-mot-de-rendez-vous-artisans","status":"publish","type":"post","link":"https:\/\/artisans-venise-en-quebec.com\/fr\/2023\/02\/06\/un-petit-mot-de-rendez-vous-artisans\/","title":{"rendered":"Un petit mot de Rendez-vous Artisans"},"content":{"rendered":"<p>[et_pb_section fb_built=\u00a0\u00bb1&Prime; _builder_version=\u00a0\u00bb4.19.5&Prime; _module_preset=\u00a0\u00bbdefault\u00a0\u00bb global_colors_info=\u00a0\u00bb{}\u00a0\u00bb theme_builder_area=\u00a0\u00bbpost_content\u00a0\u00bb][et_pb_row column_structure=\u00a0\u00bb3_5,2_5&Prime; _builder_version=\u00a0\u00bb4.19.5&Prime; _module_preset=\u00a0\u00bbdefault\u00a0\u00bb width=\u00a0\u00bb100%\u00a0\u00bb global_colors_info=\u00a0\u00bb{}\u00a0\u00bb theme_builder_area=\u00a0\u00bbpost_content\u00a0\u00bb][et_pb_column type=\u00a0\u00bb3_5&Prime; _builder_version=\u00a0\u00bb4.19.5&Prime; _module_preset=\u00a0\u00bbdefault\u00a0\u00bb global_colors_info=\u00a0\u00bb{}\u00a0\u00bb theme_builder_area=\u00a0\u00bbpost_content\u00a0\u00bb][et_pb_text _builder_version=\u00a0\u00bb4.19.5&Prime; _module_preset=\u00a0\u00bbdefault\u00a0\u00bb global_colors_info=\u00a0\u00bb{}\u00a0\u00bb theme_builder_area=\u00a0\u00bbpost_content\u00a0\u00bb]<\/p>\n<p>Depuis d\u00e9j\u00e0, 9 ans a lieu le <strong>Rendez-vous Artisans<\/strong> , dans le Parc de la Nature situ\u00e9 239, 16e Av.<strong>\u00a0ouest, Venise-en-Qu\u00e9bec, J0J 2K0.<\/strong> Encore une fois cette ann\u00e9e, il nous fera plaisir de vous accueillir en grand nombre et de vous pr\u00e9senter les \u0153uvres de plusieurs artisans de diff\u00e9rentes disciplines.<\/p>\n<p>L\u2019Artisan est une personne tr\u00e8s concern\u00e9e par la transmission de connaissances , la poursuite et l\u2019\u00e9volution de techniques ancestrales ainsi que par la cr\u00e9ation et l\u2019innovation. Ce travail de longue haleine commence par l\u2019apprentissage d\u2019une technique, \u00e9norm\u00e9ment de recherche pour toujours renouveler son produit et le faire \u00e9voluer selon sa d\u00e9marche artistique.<\/p>\n<p>Lorsque vous <strong>achetez un produit artisanal,<\/strong> vous achetez aussi un produit unique que vous ne retrouverez pas partout. <strong>Vous encouragez des gens qui tentent de gagner leur vie en vous offrant un produit de qualit\u00e9 peaufin\u00e9 avec amour.<\/strong> L\u2019 Artisan, au travers de son \u0153uvre, vous transmet une partie de lui-m\u00eame.<\/p>\n<p>Certains diront que ces produits sont plus chers que dans les magasins, c\u2019est vrai, mais l\u2019 Artisan doit prendre le temps d\u2019ex\u00e9cuter chaque pi\u00e8ce avec soin. L\u2019 Artisan n\u2019a pas la machinerie de la grande entreprise qui permet la production \u00e0 la cha\u00eene, il n\u2019a pas non plus son pouvoir d\u2019achat pour se procurer les mati\u00e8res premi\u00e8res n\u00e9cessaires \u00e0 la fabrication de son \u0153uvre. Il travaille souvent dans des conditions pr\u00e9caires et doit investir temps et argent pour vous offrir un produit exclusif et de grande qualit\u00e9.<\/p>\n<p>Donc acheter l\u2019oeuvre d\u2019un Artisan c\u2019est investir dans son avenir, c\u2019est reconna\u00eetre son talent, c\u2019est vous procurer une pi\u00e8ce unique en ayant l\u2019occasion d\u2019\u00e9changer avec celui ou celle qui l\u2019a fabriqu\u00e9e avec passion et amour.<\/p>\n<p>Merci de votre visite et de votre encouragement.<\/p>\n<p>&nbsp;<\/p>\n<p>[\/et_pb_text][\/et_pb_column][et_pb_column type=\u00a0\u00bb2_5&Prime; _builder_version=\u00a0\u00bb4.19.5&Prime; _module_preset=\u00a0\u00bbdefault\u00a0\u00bb global_colors_info=\u00a0\u00bb{}\u00a0\u00bb theme_builder_area=\u00a0\u00bbpost_content\u00a0\u00bb][et_pb_image src=\u00a0\u00bbhttps:\/\/artisans-venise-en-quebec.com\/fr\/wp-content\/uploads\/2023\/02\/cropped-logo_entete-BLEU-2022.png\u00a0\u00bb title_text=\u00a0\u00bbcropped-logo_entete-BLEU-2022.png\u00a0\u00bb _builder_version=\u00a0\u00bb4.19.5&Prime; _module_preset=\u00a0\u00bbdefault\u00a0\u00bb global_colors_info=\u00a0\u00bb{}\u00a0\u00bb theme_builder_area=\u00a0\u00bbpost_content\u00a0\u00bb][\/et_pb_image][\/et_pb_column][\/et_pb_row][\/et_pb_section]<\/p>\n","protected":false},"excerpt":{"rendered":"<p>Depuis d\u00e9j\u00e0, 9 ans a lieu le Rendez-vous Artisans , dans le Parc de la Nature situ\u00e9 239, 16e Av.\u00a0ouest, Venise-en-Qu\u00e9bec, J0J 2K0. Encore une fois cette ann\u00e9e, il nous fera plaisir de vous accueillir en grand nombre et de vous pr\u00e9senter les \u0153uvres de plusieurs artisans de diff\u00e9rentes disciplines. L\u2019Artisan est une personne tr\u00e8s [&hellip;]<\/p>\n","protected":false},"author":1,"featured_media":133,"comment_status":"open","ping_status":"open","sticky":false,"template":"","format":"standard","meta":{"_et_pb_use_builder":"on","_et_pb_old_content":"","_et_gb_content_width":"","footnotes":""},"categories":[5],"tags":[],"class_list":["post-548","post","type-post","status-publish","format-standard","has-post-thumbnail","hentry","category-information"],"_links":{"self":[{"href":"https:\/\/artisans-venise-en-quebec.com\/fr\/wp-json\/wp\/v2\/posts\/548","targetHints":{"allow":["GET"]}}],"collection":[{"href":"https:\/\/artisans-venise-en-quebec.com\/fr\/wp-json\/wp\/v2\/posts"}],"about":[{"href":"https:\/\/artisans-venise-en-quebec.com\/fr\/wp-json\/wp\/v2\/types\/post"}],"author":[{"embeddable":true,"href":"https:\/\/artisans-venise-en-quebec.com\/fr\/wp-json\/wp\/v2\/users\/1"}],"replies":[{"embeddable":true,"href":"https:\/\/artisans-venise-en-quebec.com\/fr\/wp-json\/wp\/v2\/comments?post=548"}],"version-history":[{"count":5,"href":"https:\/\/artisans-venise-en-quebec.com\/fr\/wp-json\/wp\/v2\/posts\/548\/revisions"}],"predecessor-version":[{"id":873,"href":"https:\/\/artisans-venise-en-quebec.com\/fr\/wp-json\/wp\/v2\/posts\/548\/revisions\/873"}],"wp:featuredmedia":[{"embeddable":true,"href":"https:\/\/artisans-venise-en-quebec.com\/fr\/wp-json\/wp\/v2\/media\/133"}],"wp:attachment":[{"href":"https:\/\/artisans-venise-en-quebec.com\/fr\/wp-json\/wp\/v2\/media?parent=548"}],"wp:term":[{"taxonomy":"category","embeddable":true,"href":"https:\/\/artisans-venise-en-quebec.com\/fr\/wp-json\/wp\/v2\/categories?post=548"},{"taxonomy":"post_tag","embeddable":true,"href":"https:\/\/artisans-venise-en-quebec.com\/fr\/wp-json\/wp\/v2\/tags?post=548"}],"curies":[{"name":"wp","href":"https:\/\/api.w.org\/{rel}","templated":true}]}}