{"id":2482,"date":"2025-06-12T14:12:08","date_gmt":"2025-06-12T18:12:08","guid":{"rendered":"https:\/\/artisans-venise-en-quebec.com\/fr\/?p=2482"},"modified":"2025-09-08T15:25:55","modified_gmt":"2025-09-08T19:25:55","slug":"artisans-26-juillet-2025","status":"publish","type":"post","link":"https:\/\/artisans-venise-en-quebec.com\/fr\/2025\/06\/12\/artisans-26-juillet-2025\/","title":{"rendered":"Artisans 26 juillet 2025"},"content":{"rendered":"<p>[et_pb_section fb_built=\u00a0\u00bb1&Prime; _builder_version=\u00a0\u00bb4.19.5&Prime; _module_preset=\u00a0\u00bbdefault\u00a0\u00bb global_colors_info=\u00a0\u00bb{}\u00a0\u00bb theme_builder_area=\u00a0\u00bbpost_content\u00a0\u00bb][et_pb_row _builder_version=\u00a0\u00bb4.19.5&Prime; _module_preset=\u00a0\u00bbdefault\u00a0\u00bb width=\u00a0\u00bb100%\u00a0\u00bb global_colors_info=\u00a0\u00bb{}\u00a0\u00bb theme_builder_area=\u00a0\u00bbpost_content\u00a0\u00bb][et_pb_column type=\u00a0\u00bb4_4&Prime; _builder_version=\u00a0\u00bb4.19.5&Prime; _module_preset=\u00a0\u00bbdefault\u00a0\u00bb global_colors_info=\u00a0\u00bb{}\u00a0\u00bb theme_builder_area=\u00a0\u00bbpost_content\u00a0\u00bb][et_pb_text _builder_version=\u00a0\u00bb4.27.4&Prime; _module_preset=\u00a0\u00bbdefault\u00a0\u00bb global_colors_info=\u00a0\u00bb{}\u00a0\u00bb theme_builder_area=\u00a0\u00bbpost_content\u00a0\u00bb]<\/p>\n<h2 style=\"text-align: center;\">Artisans du 26 juillet 2025<\/h2>\n<p style=\"text-align: center;\">[\/et_pb_text][\/et_pb_column][\/et_pb_row][et_pb_row column_structure=\u00a0\u00bb1_2,1_2&Prime; _builder_version=\u00a0\u00bb4.25.1&Prime; _module_preset=\u00a0\u00bbdefault\u00a0\u00bb custom_margin=\u00a0\u00bb-11px|auto||auto||\u00a0\u00bb global_colors_info=\u00a0\u00bb{}\u00a0\u00bb theme_builder_area=\u00a0\u00bbpost_content\u00a0\u00bb][et_pb_column type=\u00a0\u00bb1_2&Prime; _builder_version=\u00a0\u00bb4.19.5&Prime; _module_preset=\u00a0\u00bbdefault\u00a0\u00bb global_colors_info=\u00a0\u00bb{}\u00a0\u00bb theme_builder_area=\u00a0\u00bbpost_content\u00a0\u00bb][et_pb_image src=\u00a0\u00bbhttps:\/\/artisans-venise-en-quebec.com\/fr\/wp-content\/uploads\/2023\/09\/Exposants-1-03-09-2023.jpg\u00a0\u00bb title_text=\u00a0\u00bbExposants 1-03-09-2023&Prime; _builder_version=\u00a0\u00bb4.25.1&Prime; _module_preset=\u00a0\u00bbdefault\u00a0\u00bb global_colors_info=\u00a0\u00bb{}\u00a0\u00bb theme_builder_area=\u00a0\u00bbpost_content\u00a0\u00bb][\/et_pb_image][\/et_pb_column][et_pb_column type=\u00a0\u00bb1_2&Prime; _builder_version=\u00a0\u00bb4.19.5&Prime; _module_preset=\u00a0\u00bbdefault\u00a0\u00bb global_colors_info=\u00a0\u00bb{}\u00a0\u00bb theme_builder_area=\u00a0\u00bbpost_content\u00a0\u00bb][et_pb_text _builder_version=\u00a0\u00bb4.27.4&Prime; _module_preset=\u00a0\u00bbdefault\u00a0\u00bb hover_enabled=\u00a0\u00bb0&Prime; global_colors_info=\u00a0\u00bb{}\u00a0\u00bb theme_builder_area=\u00a0\u00bbpost_content\u00a0\u00bb sticky_enabled=\u00a0\u00bb0&Prime;]<\/p>\n<p>&nbsp;<\/p>\n<ol>\n<li style=\"list-style-type: none;\">\n<ol>\n<li style=\"list-style-type: none;\">\n<ol>\n<li><a href=\"https:\/\/artisans-venise-en-quebec.com\/fr\/artisans-presentation-a-i\/\">Beauregard Armande<\/a> (pantoufles+lingettes)<\/li>\n<li><a href=\"https:\/\/artisans-venise-en-quebec.com\/fr\/artisans-presentation-a-i\/\">Bombardier Marianne<\/a> (Sacs\/signets\/d\u00e9co)<\/li>\n<li><a href=\"https:\/\/artisans-venise-en-quebec.com\/fr\/artisans-presentation-a-i\/\">Bourbeau Christian<\/a> (Artisan Barbu)<\/li>\n<li><a href=\"https:\/\/artisans-venise-en-quebec.com\/fr\/artisans-presentation-a-i\/\">Bourdeau Ad\u00e8le<\/a> (Cr\u00e9ations Hazel)<\/li>\n<li><a href=\"https:\/\/artisans-venise-en-quebec.com\/fr\/artisans-presentation-a-i\/\">Cortes Juan Pablo<\/a> (Impression 3D)<\/li>\n<li><a href=\"https:\/\/artisans-venise-en-quebec.com\/fr\/artisans-presentation-a-i\/\">Gaydier Anne<\/a> (Auteur)<\/li>\n<li><a href=\"https:\/\/artisans-venise-en-quebec.com\/fr\/artisans-presentation-a-i\/\">Gervais Isabelle<\/a> (Cr\u00e9ations Gli)<\/li>\n<li><a href=\"https:\/\/artisans-venise-en-quebec.com\/fr\/artisans-presentation-a-i\/\">Hotte C.\/Begnoche JP<\/a> (Bijoux &amp; planche bois)<\/li>\n<li><a href=\"https:\/\/artisans-venise-en-quebec.com\/fr\/artisans-presentations-j-p\/\">Lacasse Julie<\/a><\/li>\n<li><a href=\"https:\/\/artisans-venise-en-quebec.com\/fr\/artisans-presentations-j-p\/\">Lachapelle Claudette<\/a> (Tricot)<\/li>\n<li><a href=\"https:\/\/artisans-venise-en-quebec.com\/fr\/artisans-presentations-j-p\/\">Lambert Manon<\/a> (LM Cr\u00e9ations)<\/li>\n<li><a href=\"https:\/\/artisans-venise-en-quebec.com\/fr\/artisans-presentations-j-p\/\">Larivi\u00e8re Manon &amp; Richard<\/a> (Cr\u00e9ations les doigts de f\u00e9e)<\/li>\n<li><a href=\"https:\/\/artisans-venise-en-quebec.com\/fr\/artisans-presentations-j-p\/\">Loiselle Louise<\/a> (Sac &amp; pochettes couture)<\/li>\n<li><a href=\"https:\/\/artisans-venise-en-quebec.com\/fr\/artisans-presentations-j-p\/\">Lymburner Yves (<\/a>Sculpteur)<\/li>\n<li><a href=\"https:\/\/artisans-venise-en-quebec.com\/fr\/artisans-presentations-j-p\/\">Malservisi Mich\u00e8le<\/a> (Tissage)<\/li>\n<li><a href=\"https:\/\/artisans-venise-en-quebec.com\/fr\/artisans-presentations-j-p\/\">Ndiaye Lucile<\/a> (nourriture africaine\/sacs\/nappes)<\/li>\n<li><a href=\"https:\/\/artisans-venise-en-quebec.com\/fr\/artisans-presentations-j-p\/\">Ouellet Normand (<\/a>Cr\u00e9ation Normand Ouellet)<\/li>\n<li><a href=\"https:\/\/artisans-venise-en-quebec.com\/fr\/artisans-presentations-q-z\/\">Roy Lynn<\/a> (peint. verre &amp; c\u00e9ramique)<\/li>\n<li><a href=\"https:\/\/artisans-venise-en-quebec.com\/fr\/artisans-presentations-q-z\/\">T\u00e9treault Mich\u00e8le<\/a> (Capharnaum)<\/li>\n<li><a href=\"https:\/\/artisans-venise-en-quebec.com\/fr\/artisans-presentations-q-z\/\">Th\u00e9riault Chantal<\/a> (Bois\/casse-t\u00eate)<\/li>\n<\/ol>\n<\/li>\n<\/ol>\n<\/li>\n<\/ol>\n<p>[\/et_pb_text][\/et_pb_column][\/et_pb_row][\/et_pb_section]<\/p>\n","protected":false},"excerpt":{"rendered":"<p>Artisans du 26 juillet 2025 &nbsp; Beauregard Armande (pantoufles+lingettes) Bombardier Marianne (Sacs\/signets\/d\u00e9co) Bourbeau Christian (Artisan Barbu) Bourdeau Ad\u00e8le (Cr\u00e9ations Hazel) Cortes Juan Pablo (Impression 3D) Gaydier Anne (Auteur) Gervais Isabelle (Cr\u00e9ations Gli) Hotte C.\/Begnoche JP (Bijoux &amp; planche bois) Lacasse Julie Lachapelle Claudette (Tricot) Lambert Manon (LM Cr\u00e9ations) Larivi\u00e8re Manon &amp; Richard (Cr\u00e9ations les doigts [&hellip;]<\/p>\n","protected":false},"author":1,"featured_media":2461,"comment_status":"open","ping_status":"open","sticky":false,"template":"","format":"standard","meta":{"_et_pb_use_builder":"on","_et_pb_old_content":"","_et_gb_content_width":"","footnotes":""},"categories":[60],"tags":[67],"class_list":["post-2482","post","type-post","status-publish","format-standard","has-post-thumbnail","hentry","category-ete-2025","tag-artisans-du-26-juillet-2025"],"_links":{"self":[{"href":"https:\/\/artisans-venise-en-quebec.com\/fr\/wp-json\/wp\/v2\/posts\/2482","targetHints":{"allow":["GET"]}}],"collection":[{"href":"https:\/\/artisans-venise-en-quebec.com\/fr\/wp-json\/wp\/v2\/posts"}],"about":[{"href":"https:\/\/artisans-venise-en-quebec.com\/fr\/wp-json\/wp\/v2\/types\/post"}],"author":[{"embeddable":true,"href":"https:\/\/artisans-venise-en-quebec.com\/fr\/wp-json\/wp\/v2\/users\/1"}],"replies":[{"embeddable":true,"href":"https:\/\/artisans-venise-en-quebec.com\/fr\/wp-json\/wp\/v2\/comments?post=2482"}],"version-history":[{"count":8,"href":"https:\/\/artisans-venise-en-quebec.com\/fr\/wp-json\/wp\/v2\/posts\/2482\/revisions"}],"predecessor-version":[{"id":2698,"href":"https:\/\/artisans-venise-en-quebec.com\/fr\/wp-json\/wp\/v2\/posts\/2482\/revisions\/2698"}],"wp:featuredmedia":[{"embeddable":true,"href":"https:\/\/artisans-venise-en-quebec.com\/fr\/wp-json\/wp\/v2\/media\/2461"}],"wp:attachment":[{"href":"https:\/\/artisans-venise-en-quebec.com\/fr\/wp-json\/wp\/v2\/media?parent=2482"}],"wp:term":[{"taxonomy":"category","embeddable":true,"href":"https:\/\/artisans-venise-en-quebec.com\/fr\/wp-json\/wp\/v2\/categories?post=2482"},{"taxonomy":"post_tag","embeddable":true,"href":"https:\/\/artisans-venise-en-quebec.com\/fr\/wp-json\/wp\/v2\/tags?post=2482"}],"curies":[{"name":"wp","href":"https:\/\/api.w.org\/{rel}","templated":true}]}}