{"id":2124,"date":"2024-06-06T19:08:08","date_gmt":"2024-06-07T00:08:08","guid":{"rendered":"https:\/\/artisans-venise-en-quebec.com\/fr\/?p=2124"},"modified":"2024-09-09T10:57:46","modified_gmt":"2024-09-09T14:57:46","slug":"artisans-27-juillet-2024","status":"publish","type":"post","link":"https:\/\/artisans-venise-en-quebec.com\/fr\/2024\/06\/06\/artisans-27-juillet-2024\/","title":{"rendered":"Artisans 27 juillet 2024"},"content":{"rendered":"<p>[et_pb_section fb_built=\u00a0\u00bb1&Prime; _builder_version=\u00a0\u00bb4.19.5&Prime; _module_preset=\u00a0\u00bbdefault\u00a0\u00bb global_colors_info=\u00a0\u00bb{}\u00a0\u00bb theme_builder_area=\u00a0\u00bbpost_content\u00a0\u00bb][et_pb_row _builder_version=\u00a0\u00bb4.19.5&Prime; _module_preset=\u00a0\u00bbdefault\u00a0\u00bb width=\u00a0\u00bb100%\u00a0\u00bb global_colors_info=\u00a0\u00bb{}\u00a0\u00bb theme_builder_area=\u00a0\u00bbpost_content\u00a0\u00bb][et_pb_column type=\u00a0\u00bb4_4&Prime; _builder_version=\u00a0\u00bb4.19.5&Prime; _module_preset=\u00a0\u00bbdefault\u00a0\u00bb global_colors_info=\u00a0\u00bb{}\u00a0\u00bb theme_builder_area=\u00a0\u00bbpost_content\u00a0\u00bb][et_pb_text _builder_version=\u00a0\u00bb4.25.1&Prime; _module_preset=\u00a0\u00bbdefault\u00a0\u00bb global_colors_info=\u00a0\u00bb{}\u00a0\u00bb theme_builder_area=\u00a0\u00bbpost_content\u00a0\u00bb]<\/p>\n<h2 style=\"text-align: center;\">Artisans du 27 juillet 2024<\/h2>\n<p>[\/et_pb_text][\/et_pb_column][\/et_pb_row][et_pb_row column_structure=\u00a0\u00bb1_2,1_2&Prime; _builder_version=\u00a0\u00bb4.25.1&Prime; _module_preset=\u00a0\u00bbdefault\u00a0\u00bb custom_margin=\u00a0\u00bb-11px|auto||auto||\u00a0\u00bb global_colors_info=\u00a0\u00bb{}\u00a0\u00bb theme_builder_area=\u00a0\u00bbpost_content\u00a0\u00bb][et_pb_column type=\u00a0\u00bb1_2&Prime; _builder_version=\u00a0\u00bb4.19.5&Prime; _module_preset=\u00a0\u00bbdefault\u00a0\u00bb global_colors_info=\u00a0\u00bb{}\u00a0\u00bb theme_builder_area=\u00a0\u00bbpost_content\u00a0\u00bb][et_pb_image src=\u00a0\u00bbhttps:\/\/artisans-venise-en-quebec.com\/fr\/wp-content\/uploads\/2024\/06\/rappel-expo-27-juillet-Rdv-2024.png\u00a0\u00bb title_text=\u00a0\u00bbrappel expo 27 juillet Rdv 2024&Prime; _builder_version=\u00a0\u00bb4.25.2&Prime; _module_preset=\u00a0\u00bbdefault\u00a0\u00bb global_colors_info=\u00a0\u00bb{}\u00a0\u00bb theme_builder_area=\u00a0\u00bbpost_content\u00a0\u00bb][\/et_pb_image][et_pb_image src=\u00a0\u00bbhttps:\/\/artisans-venise-en-quebec.com\/fr\/wp-content\/uploads\/2023\/09\/Exposants-1-03-09-2023.jpg\u00a0\u00bb title_text=\u00a0\u00bbExposants 1-03-09-2023&Prime; _builder_version=\u00a0\u00bb4.25.1&Prime; _module_preset=\u00a0\u00bbdefault\u00a0\u00bb global_colors_info=\u00a0\u00bb{}\u00a0\u00bb theme_builder_area=\u00a0\u00bbpost_content\u00a0\u00bb][\/et_pb_image][\/et_pb_column][et_pb_column type=\u00a0\u00bb1_2&Prime; _builder_version=\u00a0\u00bb4.19.5&Prime; _module_preset=\u00a0\u00bbdefault\u00a0\u00bb global_colors_info=\u00a0\u00bb{}\u00a0\u00bb theme_builder_area=\u00a0\u00bbpost_content\u00a0\u00bb][et_pb_text _builder_version=\u00a0\u00bb4.27.0&Prime; _module_preset=\u00a0\u00bbdefault\u00a0\u00bb hover_enabled=\u00a0\u00bb0&Prime; global_colors_info=\u00a0\u00bb{}\u00a0\u00bb theme_builder_area=\u00a0\u00bbpost_content\u00a0\u00bb sticky_enabled=\u00a0\u00bb0&Prime;]<\/p>\n<p>&nbsp;<\/p>\n<ol>\n<li style=\"list-style-type: none;\">\n<ol>\n<li><a href=\"https:\/\/artisans-venise-en-quebec.com\/fr\/artisans-presentation-a-i\/\">Archambault Anne-Lili<\/a> (L&rsquo;atelier du Cadenas)<\/li>\n<li><a href=\"https:\/\/artisans-venise-en-quebec.com\/fr\/artisans-presentation-a-i\/\">Bazzo Nathalie<\/a> (Atelier Mamie Nathalie)<\/li>\n<li><a href=\"https:\/\/artisans-venise-en-quebec.com\/fr\/artisans-presentation-a-i\/\">Beauregard Armande<\/a> (Pantoufles)<\/li>\n<li><a href=\"https:\/\/artisans-venise-en-quebec.com\/fr\/artisans-presentation-a-i\/\">Bernier Lorraine<\/a> (Les r\u00eaveries de Mami)<\/li>\n<li><a href=\"https:\/\/artisans-venise-en-quebec.com\/fr\/artisans-presentation-a-i\/\">Bienvenue Fran\u00e7oise<\/a> (Cabane \u00e0 Churros)<\/li>\n<li><a href=\"https:\/\/artisans-venise-en-quebec.com\/fr\/artisans-presentation-a-i\/\">Bourbeau Christian<\/a> (Artisan Barbu)<\/li>\n<li><a href=\"https:\/\/artisans-venise-en-quebec.com\/fr\/artisans-presentation-a-i\/\">Bourdeau Ad\u00e8le<\/a> (Cr\u00e9ations Hazel)<\/li>\n<li><a href=\"https:\/\/artisans-venise-en-quebec.com\/fr\/artisans-presentation-a-i\/\">Chagnon Doris<\/a> (Oh Joyaux)<\/li>\n<li><a href=\"https:\/\/artisans-venise-en-quebec.com\/fr\/artisans-presentation-a-i\/\">Cortes Juan Pablo<\/a> (3Dimensions)<\/li>\n<li><a href=\"https:\/\/artisans-venise-en-quebec.com\/fr\/artisans-presentation-a-i\/\">Doucet Jos\u00e9e<\/a> (Loin des yeux Pr\u00e8s du coeur)<\/li>\n<li><a href=\"https:\/\/artisans-venise-en-quebec.com\/fr\/artisans-presentation-a-i\/\">Dumont Caroline<\/a> (Karoboutique)<\/li>\n<li>Fortin Nathalie<\/li>\n<li><a href=\"https:\/\/artisans-venise-en-quebec.com\/fr\/artisans-presentation-a-i\/\">Garneau Sylvie<\/a> (Macram\u00e9)<\/li>\n<li><a href=\"https:\/\/artisans-venise-en-quebec.com\/fr\/artisans-presentation-a-i\/\">Gaydier Anne\u00a0<\/a><\/li>\n<li><a href=\"https:\/\/artisans-venise-en-quebec.com\/fr\/artisans-presentation-a-i\/\">Gervais Isabelle<\/a> (Cr\u00e9ation Gli)<\/li>\n<li><a href=\"https:\/\/artisans-venise-en-quebec.com\/fr\/artisans-presentation-a-i\/\">Girouard Jacinthe<\/a> (<span>\u00c0 dor\u00e9 des bois)<\/span><\/li>\n<li><a href=\"https:\/\/artisans-venise-en-quebec.com\/fr\/artisans-presentation-a-i\/\"><span>Giroux Sylvie\u00a0<\/span><\/a><\/li>\n<li><span><a href=\"https:\/\/artisans-venise-en-quebec.com\/fr\/artisans-presentations-j-p\/\">Lambert Manon<\/a> (Bijoux)<\/span><\/li>\n<li><a href=\"https:\/\/artisans-venise-en-quebec.com\/fr\/artisans-presentations-j-p\/\">Larivi\u00e8re Manon &amp; Richard<\/a> (Cr\u00e9ations les doigts de f\u00e9e)<\/li>\n<li><a href=\"https:\/\/artisans-venise-en-quebec.com\/fr\/artisans-presentations-j-p\/\">Lessard Charline<\/a> (Le renard noir)<\/li>\n<li><a href=\"https:\/\/artisans-venise-en-quebec.com\/fr\/artisans-presentations-j-p\/\">Levek St\u00e9phanie<\/a> (Les cr\u00e9ations WSL)<\/li>\n<li><a href=\"https:\/\/artisans-venise-en-quebec.com\/fr\/artisans-presentations-j-p\/\">Lymburner Yves<\/a> (Yves le sculpteur)<\/li>\n<li><a href=\"https:\/\/artisans-venise-en-quebec.com\/fr\/artisans-presentations-j-p\/\">Malservisi Mich\u00e8le<\/a> (Tissage)<\/li>\n<li><a href=\"https:\/\/artisans-venise-en-quebec.com\/fr\/artisans-presentations-j-p\/\">Messier M\u00e9lanie<\/a> (P&rsquo;tites Bougies Cr\u00e9ations)<\/li>\n<li>Morin Jos\u00e9e<\/li>\n<li><span><a href=\"https:\/\/artisans-venise-en-quebec.com\/fr\/artisans-presentations-j-p\/\">Ouellet Normand<\/a> (Bois)<\/span><\/li>\n<li><a href=\"https:\/\/artisans-venise-en-quebec.com\/fr\/artisans-presentations-q-z\/\">Samson Pauline<\/a><\/li>\n<li><a href=\"https:\/\/artisans-venise-en-quebec.com\/fr\/artisans-presentations-q-z\/\">Tremblay Annie<\/a><\/li>\n<li><a href=\"https:\/\/artisans-venise-en-quebec.com\/fr\/artisans-presentations-q-z\/\">Turmel Marike<\/a> (Chlo et perles)<\/li>\n<li><a href=\"https:\/\/artisans-venise-en-quebec.com\/fr\/artisans-presentations-q-z\/\">Veilleux Marie-Loup<\/a><\/li>\n<\/ol>\n<\/li>\n<\/ol>\n<p>[\/et_pb_text][\/et_pb_column][\/et_pb_row][\/et_pb_section]<\/p>\n","protected":false},"excerpt":{"rendered":"<p>Artisans du 27 juillet 2024&nbsp; Archambault Anne-Lili (L&rsquo;atelier du Cadenas) Bazzo Nathalie (Atelier Mamie Nathalie) Beauregard Armande (Pantoufles) Bernier Lorraine (Les r\u00eaveries de Mami) Bienvenue Fran\u00e7oise (Cabane \u00e0 Churros) Bourbeau Christian (Artisan Barbu) Bourdeau Ad\u00e8le (Cr\u00e9ations Hazel) Chagnon Doris (Oh Joyaux) Cortes Juan Pablo (3Dimensions) Doucet Jos\u00e9e (Loin des yeux Pr\u00e8s du coeur) Dumont Caroline [&hellip;]<\/p>\n","protected":false},"author":1,"featured_media":2201,"comment_status":"open","ping_status":"open","sticky":false,"template":"","format":"standard","meta":{"_et_pb_use_builder":"on","_et_pb_old_content":"","_et_gb_content_width":"","footnotes":""},"categories":[41],"tags":[52],"class_list":["post-2124","post","type-post","status-publish","format-standard","has-post-thumbnail","hentry","category-41","tag-artisans-du-27-juillet-2024"],"_links":{"self":[{"href":"https:\/\/artisans-venise-en-quebec.com\/fr\/wp-json\/wp\/v2\/posts\/2124","targetHints":{"allow":["GET"]}}],"collection":[{"href":"https:\/\/artisans-venise-en-quebec.com\/fr\/wp-json\/wp\/v2\/posts"}],"about":[{"href":"https:\/\/artisans-venise-en-quebec.com\/fr\/wp-json\/wp\/v2\/types\/post"}],"author":[{"embeddable":true,"href":"https:\/\/artisans-venise-en-quebec.com\/fr\/wp-json\/wp\/v2\/users\/1"}],"replies":[{"embeddable":true,"href":"https:\/\/artisans-venise-en-quebec.com\/fr\/wp-json\/wp\/v2\/comments?post=2124"}],"version-history":[{"count":10,"href":"https:\/\/artisans-venise-en-quebec.com\/fr\/wp-json\/wp\/v2\/posts\/2124\/revisions"}],"predecessor-version":[{"id":2335,"href":"https:\/\/artisans-venise-en-quebec.com\/fr\/wp-json\/wp\/v2\/posts\/2124\/revisions\/2335"}],"wp:featuredmedia":[{"embeddable":true,"href":"https:\/\/artisans-venise-en-quebec.com\/fr\/wp-json\/wp\/v2\/media\/2201"}],"wp:attachment":[{"href":"https:\/\/artisans-venise-en-quebec.com\/fr\/wp-json\/wp\/v2\/media?parent=2124"}],"wp:term":[{"taxonomy":"category","embeddable":true,"href":"https:\/\/artisans-venise-en-quebec.com\/fr\/wp-json\/wp\/v2\/categories?post=2124"},{"taxonomy":"post_tag","embeddable":true,"href":"https:\/\/artisans-venise-en-quebec.com\/fr\/wp-json\/wp\/v2\/tags?post=2124"}],"curies":[{"name":"wp","href":"https:\/\/api.w.org\/{rel}","templated":true}]}}