{"id":1346,"date":"2023-07-04T15:17:41","date_gmt":"2023-07-04T19:17:41","guid":{"rendered":"https:\/\/artisans-venise-en-quebec.com\/fr\/?p=1346"},"modified":"2024-09-09T10:58:41","modified_gmt":"2024-09-09T14:58:41","slug":"artisans-du-3-septembre-2023","status":"publish","type":"post","link":"https:\/\/artisans-venise-en-quebec.com\/fr\/2023\/07\/04\/artisans-du-3-septembre-2023\/","title":{"rendered":"Artisans du 3 septembre 2023"},"content":{"rendered":"<p>[et_pb_section fb_built=\u00a0\u00bb1&Prime; _builder_version=\u00a0\u00bb4.21.0&Prime; _module_preset=\u00a0\u00bbdefault\u00a0\u00bb global_colors_info=\u00a0\u00bb{}\u00a0\u00bb theme_builder_area=\u00a0\u00bbpost_content\u00a0\u00bb][et_pb_row column_structure=\u00a0\u00bb1_3,1_3,1_3&Prime; _builder_version=\u00a0\u00bb4.21.0&Prime; _module_preset=\u00a0\u00bbdefault\u00a0\u00bb global_colors_info=\u00a0\u00bb{}\u00a0\u00bb theme_builder_area=\u00a0\u00bbpost_content\u00a0\u00bb][et_pb_column type=\u00a0\u00bb1_3&Prime; _builder_version=\u00a0\u00bb4.21.0&Prime; _module_preset=\u00a0\u00bbdefault\u00a0\u00bb global_colors_info=\u00a0\u00bb{}\u00a0\u00bb theme_builder_area=\u00a0\u00bbpost_content\u00a0\u00bb][et_pb_text _builder_version=\u00a0\u00bb4.21.0&Prime; _module_preset=\u00a0\u00bbdefault\u00a0\u00bb global_colors_info=\u00a0\u00bb{}\u00a0\u00bb theme_builder_area=\u00a0\u00bbpost_content\u00a0\u00bb]<\/p>\n<h3>Artisans du 3 septembre 2023<\/h3>\n<p>[\/et_pb_text][et_pb_image src=\u00a0\u00bbhttps:\/\/artisans-venise-en-quebec.com\/fr\/wp-content\/uploads\/2023\/09\/Exposants-1-03-09-2023.jpg\u00a0\u00bb title_text=\u00a0\u00bbExposants 1-03-09-2023&Prime; _builder_version=\u00a0\u00bb4.22.1&Prime; _module_preset=\u00a0\u00bbdefault\u00a0\u00bb box_shadow_style=\u00a0\u00bbpreset1&Prime; global_colors_info=\u00a0\u00bb{}\u00a0\u00bb theme_builder_area=\u00a0\u00bbpost_content\u00a0\u00bb][\/et_pb_image][et_pb_image src=\u00a0\u00bbhttps:\/\/artisans-venise-en-quebec.com\/fr\/wp-content\/uploads\/2023\/09\/Exposants-2-03-09-2023-1.jpg\u00a0\u00bb title_text=\u00a0\u00bbExposants 2-03-09-2023&Prime; _builder_version=\u00a0\u00bb4.22.1&Prime; _module_preset=\u00a0\u00bbdefault\u00a0\u00bb box_shadow_style=\u00a0\u00bbpreset1&Prime; global_colors_info=\u00a0\u00bb{}\u00a0\u00bb theme_builder_area=\u00a0\u00bbpost_content\u00a0\u00bb][\/et_pb_image][et_pb_image src=\u00a0\u00bbhttps:\/\/artisans-venise-en-quebec.com\/fr\/wp-content\/uploads\/2023\/06\/Banniere-par-de-la-culture-Venise-en-Quebec.jpg\u00a0\u00bb title_text=\u00a0\u00bbBanniere par de la culture Venise-en-Qu\u00e9bec\u00a0\u00bb _builder_version=\u00a0\u00bb4.21.0&Prime; _module_preset=\u00a0\u00bbdefault\u00a0\u00bb box_shadow_style=\u00a0\u00bbpreset1&Prime; global_colors_info=\u00a0\u00bb{}\u00a0\u00bb theme_builder_area=\u00a0\u00bbpost_content\u00a0\u00bb][\/et_pb_image][\/et_pb_column][et_pb_column type=\u00a0\u00bb1_3&Prime; _builder_version=\u00a0\u00bb4.21.0&Prime; _module_preset=\u00a0\u00bbdefault\u00a0\u00bb global_colors_info=\u00a0\u00bb{}\u00a0\u00bb theme_builder_area=\u00a0\u00bbpost_content\u00a0\u00bb][et_pb_text _builder_version=\u00a0\u00bb4.22.2&Prime; _module_preset=\u00a0\u00bbdefault\u00a0\u00bb hover_enabled=\u00a0\u00bb0&Prime; global_colors_info=\u00a0\u00bb{}\u00a0\u00bb theme_builder_area=\u00a0\u00bbpost_content\u00a0\u00bb sticky_enabled=\u00a0\u00bb0&Prime;]<\/p>\n<h3>Artisans du 3 septembre 2023<\/h3>\n<ul>\n<li><a href=\"https:\/\/artisans-venise-en-quebec.com\/fr\/artisans-presentation-a-i\/\">Bellemare H\u00e9l\u00e8ne<\/a> (Confection Janelle)<\/li>\n<li><a href=\"https:\/\/artisans-venise-en-quebec.com\/fr\/artisans-presentation-a-i\/\">Boisaubert Margaret<\/a> (BrikarDesign)<\/li>\n<li>Bouchard Andr\u00e9anne<\/li>\n<li><a href=\"https:\/\/artisans-venise-en-quebec.com\/fr\/artisans-presentation-a-i\/\">Bourdages Nancy <\/a> (Les Cr\u00e9ations NB)<\/li>\n<li><a href=\"https:\/\/artisans-venise-en-quebec.com\/fr\/artisans-presentation-a-i\/\">Bourdeau Ad\u00e8le<\/a> (Cr\u00e9ations Hazel)<\/li>\n<li><a href=\"https:\/\/artisans-venise-en-quebec.com\/fr\/artisans-presentation-a-i\/\">Bourret Louise<\/a><\/li>\n<li><a href=\"https:\/\/artisans-venise-en-quebec.com\/fr\/artisans-presentation-a-i\/\">Brochu Roxanne<\/a> (Coeur boh\u00e8me)<\/li>\n<li><a href=\"https:\/\/artisans-venise-en-quebec.com\/fr\/artisans-presentation-a-i\/\">Chagon Doris<\/a> (OH Joyaux)<\/li>\n<li><a href=\"https:\/\/artisans-venise-en-quebec.com\/fr\/artisans-presentation-a-i\/\">Decelles\u00a0 Natacha<\/a> (Nadell)<\/li>\n<li><a href=\"https:\/\/artisans-venise-en-quebec.com\/fr\/artisans-presentation-a-i\/\">Denault Marjolaine<\/a> (Herba Luminaria)<\/li>\n<li><a href=\"https:\/\/artisans-venise-en-quebec.com\/fr\/artisans-presentation-a-i\/\">Desjardins Annie<\/a> (Savonnerie des jardins d&rsquo;Annie)<\/li>\n<li><a href=\"https:\/\/artisans-venise-en-quebec.com\/fr\/artisans-presentation-a-i\/\">Forcier Claude<\/a> (Lampes d\u00e9co)<\/li>\n<li>Fortier Martine<\/li>\n<li><a href=\"https:\/\/artisans-venise-en-quebec.com\/fr\/artisans-presentation-a-i\/\">Gauthier \u00c9milie<\/a><\/li>\n<li><a href=\"https:\/\/artisans-venise-en-quebec.com\/fr\/artisans-presentations-j-p\/\">Gervais Laberge Isabelle<\/a> (Cr\u00e9ations Gli)<\/li>\n<li><a href=\"https:\/\/artisans-venise-en-quebec.com\/fr\/artisans-presentation-a-i\/\">Giroux Sylvie<\/a><\/li>\n<li><a href=\"https:\/\/artisans-venise-en-quebec.com\/fr\/artisans-presentation-a-i\/\">Hamel Patrick<\/a> (Les \u00c9ditions le Noeud Papillon)<\/li>\n<li><a href=\"https:\/\/artisans-venise-en-quebec.com\/fr\/artisans-presentation-a-i\/\">Izzi \u00c9rika<\/a> (Les miels Bumblebee)<\/li>\n<li><a href=\"https:\/\/artisans-venise-en-quebec.com\/fr\/artisans-presentations-j-p\/\">Labb\u00e9e Sylvie<\/a> (Perle moi)<\/li>\n<li><a href=\"https:\/\/artisans-venise-en-quebec.com\/fr\/artisans-presentations-j-p\/\">Lachapelle Claudette <\/a> (Tricots)<\/li>\n<li><a href=\"https:\/\/artisans-venise-en-quebec.com\/fr\/artisans-presentations-j-p\/\">Lajoie Isabelle<\/a> (La Joie de l&rsquo;Art)<\/li>\n<li><a href=\"https:\/\/artisans-venise-en-quebec.com\/fr\/artisans-presentations-j-p\/\">Lamoureux Diane<\/a> (Foulard fra\u00eecheur)<\/li>\n<li><a href=\"https:\/\/artisans-venise-en-quebec.com\/fr\/artisans-presentations-j-p\/\">Lapalme Nathalie<\/a> (Design 4-1)<\/li>\n<li><a href=\"https:\/\/artisans-venise-en-quebec.com\/fr\/artisans-presentations-j-p\/\">Larivi\u00e8re Manon &amp; Richard<\/a> (Cr\u00e9ations les doigts de f\u00e9e )<\/li>\n<li><a href=\"https:\/\/artisans-venise-en-quebec.com\/fr\/artisans-presentations-j-p\/\">Lauz\u00e9 Nathalie<\/a><\/li>\n<li><a href=\"https:\/\/artisans-venise-en-quebec.com\/fr\/artisans-presentations-j-p\/\">Lavigne Julie<\/a> ( Artiste peintre)<\/li>\n<li><a href=\"https:\/\/artisans-venise-en-quebec.com\/fr\/artisans-presentations-j-p\/\">Lefran\u00e7ois Viateur<\/a><\/li>\n<li><a href=\"https:\/\/artisans-venise-en-quebec.com\/fr\/artisans-presentations-j-p\/\">Levek St\u00e9phanie<\/a> (Les cr\u00e9ations WSL )<\/li>\n<li><a href=\"Lamoureux%20Diane (Foulard fra\u00eecheur)\">Lymburner Yves<\/a>\u00a0 (Yves le sculpteur)<\/li>\n<li><a href=\"https:\/\/artisans-venise-en-quebec.com\/fr\/artisans-presentations-j-p\/\">Mailloux Chantal<\/a>\u00a0 (Chantal Cr\u00e9ation)<\/li>\n<li><a href=\"https:\/\/artisans-venise-en-quebec.com\/fr\/artisans-presentations-j-p\/\">Malservisi Mich\u00e8le<\/a><\/li>\n<li><a href=\"https:\/\/artisans-venise-en-quebec.com\/fr\/artisans-presentations-j-p\/\">Marquis Isabelle<\/a><\/li>\n<li><a href=\"https:\/\/artisans-venise-en-quebec.com\/fr\/artisans-presentations-j-p\">Ouellet Normand \/ Laporte Sylvie<\/a> ( Cr\u00e9ations Normand Ouellet )<\/li>\n<li><a href=\"https:\/\/artisans-venise-en-quebec.com\/fr\/artisans-presentations-j-p\/\">Philie Marie-\u00c8ve<\/a><\/li>\n<li><a href=\"https:\/\/artisans-venise-en-quebec.com\/fr\/artisans-presentations-j-p\/\">Pilote M\u00e9linda<\/a><\/li>\n<li>Samson Pauline<\/li>\n<li><a href=\"https:\/\/artisans-venise-en-quebec.com\/fr\/artisans-presentations-q-z\/\">Sharpe Gilles<\/a> (Artiste peintre)<\/li>\n<li><a href=\"https:\/\/artisans-venise-en-quebec.com\/fr\/artisans-presentations-q-z\/\">T\u00e9trault Mich\u00e8le<\/a> (CAPHARNAUM)<\/li>\n<li><a href=\"https:\/\/artisans-venise-en-quebec.com\/fr\/artisans-presentations-q-z\/\">Tremblay Annie<\/a><\/li>\n<li><a href=\"https:\/\/artisans-venise-en-quebec.com\/fr\/artisans-presentations-q-z\/\">Ykema M\u00e9lissa<\/a> (Driftwood Naturals)<\/li>\n<li><a href=\"https:\/\/artisans-venise-en-quebec.com\/fr\/artisans-presentations-q-z\/\">Zoumeno Linette<\/a><\/li>\n<\/ul>\n<p>[\/et_pb_text][\/et_pb_column][et_pb_column type=\u00a0\u00bb1_3&Prime; _builder_version=\u00a0\u00bb4.21.0&Prime; _module_preset=\u00a0\u00bbdefault\u00a0\u00bb global_colors_info=\u00a0\u00bb{}\u00a0\u00bb theme_builder_area=\u00a0\u00bbpost_content\u00a0\u00bb][et_pb_image src=\u00a0\u00bbhttps:\/\/artisans-venise-en-quebec.com\/fr\/wp-content\/uploads\/2023\/07\/Les-artisans-vous-attendent-pour-la-derniere-fin-de-semaine-de-lete-Les-2-et-3-septembre.png\u00a0\u00bb title_text=\u00a0\u00bbLes artisans vous attendent pour la derni\u00e8re fin de semaine de l&rsquo;\u00e9t\u00e9 Les 2 et 3 septembre\u00a0\u00bb _builder_version=\u00a0\u00bb4.22.1&Prime; _module_preset=\u00a0\u00bbdefault\u00a0\u00bb global_colors_info=\u00a0\u00bb{}\u00a0\u00bb theme_builder_area=\u00a0\u00bbpost_content\u00a0\u00bb][\/et_pb_image][\/et_pb_column][\/et_pb_row][\/et_pb_section]<\/p>\n","protected":false},"excerpt":{"rendered":"<p>Artisans du 3 septembre 2023Artisans du 3 septembre 2023 Bellemare H\u00e9l\u00e8ne (Confection Janelle) Boisaubert Margaret (BrikarDesign) Bouchard Andr\u00e9anne Bourdages Nancy (Les Cr\u00e9ations NB) Bourdeau Ad\u00e8le (Cr\u00e9ations Hazel) Bourret Louise Brochu Roxanne (Coeur boh\u00e8me) Chagon Doris (OH Joyaux) Decelles\u00a0 Natacha (Nadell) Denault Marjolaine (Herba Luminaria) Desjardins Annie (Savonnerie des jardins d&rsquo;Annie) Forcier Claude (Lampes d\u00e9co) Fortier [&hellip;]<\/p>\n","protected":false},"author":1,"featured_media":1592,"comment_status":"closed","ping_status":"closed","sticky":false,"template":"","format":"standard","meta":{"_et_pb_use_builder":"on","_et_pb_old_content":"","_et_gb_content_width":"","footnotes":""},"categories":[28],"tags":[34],"class_list":["post-1346","post","type-post","status-publish","format-standard","has-post-thumbnail","hentry","category-28","tag-artisans-du-3-septembre-2023"],"_links":{"self":[{"href":"https:\/\/artisans-venise-en-quebec.com\/fr\/wp-json\/wp\/v2\/posts\/1346","targetHints":{"allow":["GET"]}}],"collection":[{"href":"https:\/\/artisans-venise-en-quebec.com\/fr\/wp-json\/wp\/v2\/posts"}],"about":[{"href":"https:\/\/artisans-venise-en-quebec.com\/fr\/wp-json\/wp\/v2\/types\/post"}],"author":[{"embeddable":true,"href":"https:\/\/artisans-venise-en-quebec.com\/fr\/wp-json\/wp\/v2\/users\/1"}],"replies":[{"embeddable":true,"href":"https:\/\/artisans-venise-en-quebec.com\/fr\/wp-json\/wp\/v2\/comments?post=1346"}],"version-history":[{"count":27,"href":"https:\/\/artisans-venise-en-quebec.com\/fr\/wp-json\/wp\/v2\/posts\/1346\/revisions"}],"predecessor-version":[{"id":1715,"href":"https:\/\/artisans-venise-en-quebec.com\/fr\/wp-json\/wp\/v2\/posts\/1346\/revisions\/1715"}],"wp:featuredmedia":[{"embeddable":true,"href":"https:\/\/artisans-venise-en-quebec.com\/fr\/wp-json\/wp\/v2\/media\/1592"}],"wp:attachment":[{"href":"https:\/\/artisans-venise-en-quebec.com\/fr\/wp-json\/wp\/v2\/media?parent=1346"}],"wp:term":[{"taxonomy":"category","embeddable":true,"href":"https:\/\/artisans-venise-en-quebec.com\/fr\/wp-json\/wp\/v2\/categories?post=1346"},{"taxonomy":"post_tag","embeddable":true,"href":"https:\/\/artisans-venise-en-quebec.com\/fr\/wp-json\/wp\/v2\/tags?post=1346"}],"curies":[{"name":"wp","href":"https:\/\/api.w.org\/{rel}","templated":true}]}}