{"id":1337,"date":"2023-07-04T14:52:29","date_gmt":"2023-07-04T18:52:29","guid":{"rendered":"https:\/\/artisans-venise-en-quebec.com\/fr\/?p=1337"},"modified":"2024-09-09T10:58:48","modified_gmt":"2024-09-09T14:58:48","slug":"artisans-du-2-septembre-2023","status":"publish","type":"post","link":"https:\/\/artisans-venise-en-quebec.com\/fr\/2023\/07\/04\/artisans-du-2-septembre-2023\/","title":{"rendered":"Artisans du 2 septembre 2023"},"content":{"rendered":"<p>[et_pb_section fb_built=\u00a0\u00bb1&Prime; _builder_version=\u00a0\u00bb4.21.0&Prime; _module_preset=\u00a0\u00bbdefault\u00a0\u00bb global_colors_info=\u00a0\u00bb{}\u00a0\u00bb theme_builder_area=\u00a0\u00bbpost_content\u00a0\u00bb][et_pb_row column_structure=\u00a0\u00bb1_3,1_3,1_3&Prime; _builder_version=\u00a0\u00bb4.21.0&Prime; _module_preset=\u00a0\u00bbdefault\u00a0\u00bb custom_margin=\u00a0\u00bb|114px||auto||\u00a0\u00bb global_colors_info=\u00a0\u00bb{}\u00a0\u00bb theme_builder_area=\u00a0\u00bbpost_content\u00a0\u00bb][et_pb_column type=\u00a0\u00bb1_3&Prime; _builder_version=\u00a0\u00bb4.21.0&Prime; _module_preset=\u00a0\u00bbdefault\u00a0\u00bb global_colors_info=\u00a0\u00bb{}\u00a0\u00bb theme_builder_area=\u00a0\u00bbpost_content\u00a0\u00bb][et_pb_text _builder_version=\u00a0\u00bb4.21.0&Prime; _module_preset=\u00a0\u00bbdefault\u00a0\u00bb global_colors_info=\u00a0\u00bb{}\u00a0\u00bb theme_builder_area=\u00a0\u00bbpost_content\u00a0\u00bb]<\/p>\n<h3>Artisans du 2 septembre 2023<\/h3>\n<p>[\/et_pb_text][et_pb_image src=\u00a0\u00bbhttps:\/\/artisans-venise-en-quebec.com\/fr\/wp-content\/uploads\/2023\/09\/Exposants1-02-09-2023.jpg\u00a0\u00bb title_text=\u00a0\u00bbExposants1- 02-09-2023&Prime; _builder_version=\u00a0\u00bb4.22.1&Prime; _module_preset=\u00a0\u00bbdefault\u00a0\u00bb box_shadow_style=\u00a0\u00bbpreset1&Prime; global_colors_info=\u00a0\u00bb{}\u00a0\u00bb theme_builder_area=\u00a0\u00bbpost_content\u00a0\u00bb][\/et_pb_image][et_pb_image src=\u00a0\u00bbhttps:\/\/artisans-venise-en-quebec.com\/fr\/wp-content\/uploads\/2023\/09\/Exposants-6-02-09-2023.jpg\u00a0\u00bb title_text=\u00a0\u00bbExposants 6-02-09-2023&Prime; _builder_version=\u00a0\u00bb4.22.1&Prime; _module_preset=\u00a0\u00bbdefault\u00a0\u00bb box_shadow_style=\u00a0\u00bbpreset1&Prime; global_colors_info=\u00a0\u00bb{}\u00a0\u00bb theme_builder_area=\u00a0\u00bbpost_content\u00a0\u00bb][\/et_pb_image][et_pb_image src=\u00a0\u00bbhttps:\/\/artisans-venise-en-quebec.com\/fr\/wp-content\/uploads\/2023\/09\/Exposants-5-02-09-2023.jpg\u00a0\u00bb title_text=\u00a0\u00bbExposants 5-02-09-2023&Prime; _builder_version=\u00a0\u00bb4.22.1&Prime; _module_preset=\u00a0\u00bbdefault\u00a0\u00bb box_shadow_style=\u00a0\u00bbpreset1&Prime; global_colors_info=\u00a0\u00bb{}\u00a0\u00bb theme_builder_area=\u00a0\u00bbpost_content\u00a0\u00bb][\/et_pb_image][et_pb_image src=\u00a0\u00bbhttps:\/\/artisans-venise-en-quebec.com\/fr\/wp-content\/uploads\/2023\/06\/Banniere-par-de-la-culture-Venise-en-Quebec.jpg\u00a0\u00bb title_text=\u00a0\u00bbBanniere par de la culture Venise-en-Qu\u00e9bec\u00a0\u00bb _builder_version=\u00a0\u00bb4.21.0&Prime; _module_preset=\u00a0\u00bbdefault\u00a0\u00bb box_shadow_style=\u00a0\u00bbpreset1&Prime; global_colors_info=\u00a0\u00bb{}\u00a0\u00bb theme_builder_area=\u00a0\u00bbpost_content\u00a0\u00bb][\/et_pb_image][\/et_pb_column][et_pb_column type=\u00a0\u00bb1_3&Prime; _builder_version=\u00a0\u00bb4.21.0&Prime; _module_preset=\u00a0\u00bbdefault\u00a0\u00bb global_colors_info=\u00a0\u00bb{}\u00a0\u00bb theme_builder_area=\u00a0\u00bbpost_content\u00a0\u00bb][et_pb_text _builder_version=\u00a0\u00bb4.22.2&Prime; _module_preset=\u00a0\u00bbdefault\u00a0\u00bb hover_enabled=\u00a0\u00bb0&Prime; global_colors_info=\u00a0\u00bb{}\u00a0\u00bb theme_builder_area=\u00a0\u00bbpost_content\u00a0\u00bb sticky_enabled=\u00a0\u00bb0&Prime;]<\/p>\n<h3>Artisans du 2 septembre 2023<\/h3>\n<ul>\n<li><a href=\"https:\/\/artisans-venise-en-quebec.com\/fr\/artisans-presentation-a-i\/\">Alarie France<\/a><\/li>\n<li><a href=\"https:\/\/artisans-venise-en-quebec.com\/fr\/artisans-presentation-a-i\/\">Bellemare H\u00e9l\u00e8ne<\/a> (Confection Janelle)<\/li>\n<li><a href=\"https:\/\/artisans-venise-en-quebec.com\/fr\/artisans-presentation-a-i\/\">Bennoua Imane\u00a0<\/a> (Naturesse Cosmetics)<\/li>\n<li><a href=\"https:\/\/artisans-venise-en-quebec.com\/fr\/artisans-presentation-a-i\/\">Boisaubert Margaret<\/a> (BrikarDesign)<\/li>\n<li>Bouchard Andr\u00e9anne<\/li>\n<li>Boulais Martine<\/li>\n<li><a href=\"https:\/\/artisans-venise-en-quebec.com\/fr\/artisans-presentation-a-i\/\">Bourdages Nancy\u00a0<\/a> (Les Cr\u00e9ations NB)<\/li>\n<li><a href=\"https:\/\/artisans-venise-en-quebec.com\/fr\/artisans-presentation-a-i\/\">Bourdeau Ad\u00e8le<\/a> (Cr\u00e9ations Hazel-Bijoux)<\/li>\n<li><a href=\"https:\/\/artisans-venise-en-quebec.com\/fr\/artisans-presentation-a-i\/\">D&rsquo;Amours H\u00e9l\u00e8ne<\/a> Cdamache cr\u00e9ations)<\/li>\n<li><a href=\"https:\/\/artisans-venise-en-quebec.com\/fr\/artisans-presentation-a-i\/\">Decelles\u00a0 Natacha<\/a> (Nadell)<\/li>\n<li><a href=\"https:\/\/artisans-venise-en-quebec.com\/fr\/artisans-presentation-a-i\/\">Denault Marjolaine<\/a> (Herba Luminaria)<\/li>\n<li><a href=\"https:\/\/artisans-venise-en-quebec.com\/fr\/artisans-presentation-a-i\/\">Forcier Claude<\/a> ( Lampes d\u00e9co)<\/li>\n<li><a href=\"https:\/\/artisans-venise-en-quebec.com\/fr\/artisans-presentation-a-i\/\">Fortier Martine<\/a> (Martine Fabrik)<\/li>\n<li><a href=\"https:\/\/artisans-venise-en-quebec.com\/fr\/artisans-presentation-a-i\/\">Garneau Sylvie<\/a><\/li>\n<li><a href=\"https:\/\/artisans-venise-en-quebec.com\/fr\/artisans-presentation-a-i\/\">Gaydier Anne &amp; T\u00e9trault Sylvie<\/a> (Zyeudor \u00c9ditions)<\/li>\n<li><a href=\"https:\/\/artisans-venise-en-quebec.com\/fr\/artisans-presentation-a-i\/\">Gervais Laberge Isabelle<\/a> (Cr\u00e9ations Gli)<\/li>\n<li><a href=\"https:\/\/artisans-venise-en-quebec.com\/fr\/artisans-presentation-a-i\/\">Hamel Patrick<\/a> (Les \u00c9ditions le Noeud Papillon)<\/li>\n<li><a href=\"https:\/\/artisans-venise-en-quebec.com\/fr\/artisans-presentation-a-i\/\">Hotte Chantal &amp; Begnoche Jean-Pierre<\/a>(Cr\u00e9ations art rose\/L&rsquo;atelier Jean-Pierre)<\/li>\n<li><a href=\"https:\/\/artisans-venise-en-quebec.com\/fr\/artisans-presentation-a-i\/\">Izzi \u00c9rika<\/a> (Les miels Bumblebee)<\/li>\n<li><a href=\"https:\/\/artisans-venise-en-quebec.com\/fr\/artisans-presentations-j-p\/\">Lab\u00e9e Sylvie<\/a><\/li>\n<li><a href=\"https:\/\/artisans-venise-en-quebec.com\/fr\/artisans-presentations-j-p\/\">Lachapelle Claudette <\/a>( Tricots)<\/li>\n<li><a href=\"https:\/\/artisans-venise-en-quebec.com\/fr\/artisans-presentations-j-p\/\">Lajoie Isabelle<\/a> (La Joie de l&rsquo;Art)<\/li>\n<li><a href=\"https:\/\/artisans-venise-en-quebec.com\/fr\/artisans-presentations-j-p\/\">Lamoureux Diane<\/a> (Atelier cr\u00e9atif)<\/li>\n<li><a href=\"https:\/\/artisans-venise-en-quebec.com\/fr\/artisans-presentations-j-p\/\">Larivi\u00e8re Manon &amp; Richard<\/a> (Cr\u00e9ations les doigts de f\u00e9e )<\/li>\n<li><a href=\"https:\/\/artisans-venise-en-quebec.com\/fr\/artisans-presentations-j-p\/\">Lauz\u00e9 Nathalie<\/a><\/li>\n<li><a href=\"https:\/\/artisans-venise-en-quebec.com\/fr\/artisans-presentations-j-p\/\">Levek St\u00e9phanie<\/a> (Les cr\u00e9ations WSL )<\/li>\n<li><a href=\"https:\/\/artisans-venise-en-quebec.com\/fr\/artisans-presentations-j-p\/\">Lymburner Yves<\/a> (Yves le sculpteur )<\/li>\n<li><a href=\"https:\/\/artisans-venise-en-quebec.com\/fr\/artisans-presentations-j-p\/\">Mailloux Chantal \u00a0\u00a0<\/a>(Chantal Cr\u00e9ation)<\/li>\n<li><a href=\"https:\/\/artisans-venise-en-quebec.com\/fr\/artisans-presentations-j-p\/\">Malservisi Mich\u00e8le<\/a><\/li>\n<li><a href=\"https:\/\/artisans-venise-en-quebec.com\/fr\/artisans-presentations-j-p\/\">Marquis Isabelle<\/a><\/li>\n<li><a href=\"https:\/\/artisans-venise-en-quebec.com\/fr\/artisans-presentations-j-p\">Ouellet Normand \/ Laporte Sylvie<\/a> ( Cr\u00e9ations Normand Ouellet )<\/li>\n<li><a href=\"https:\/\/artisans-venise-en-quebec.com\/fr\/artisans-presentations-j-p\/\">Pelletier Christine<\/a> (Les Cr\u00e9ations Biscotte)<\/li>\n<li><a href=\"https:\/\/artisans-venise-en-quebec.com\/fr\/artisans-presentations-j-p\/\">Philie Marie-\u00c8ve<\/a><\/li>\n<li><a href=\"https:\/\/artisans-venise-en-quebec.com\/fr\/artisans-presentations-j-p\/\">Pilote M\u00e9linda<\/a><\/li>\n<li><a href=\"https:\/\/artisans-venise-en-quebec.com\/fr\/artisans-presentations-q-z\/\">Richard Andr\u00e9e-Anne<\/a> (Boutique Inspiration Nautique)<\/li>\n<li>Samson Pauline<\/li>\n<li><a href=\"https:\/\/artisans-venise-en-quebec.com\/fr\/artisans-presentations-q-z\/\">T\u00e9trault Mich\u00e8le<\/a> (CAPHARNAUM)<\/li>\n<li><a href=\"https:\/\/artisans-venise-en-quebec.com\/fr\/artisans-presentations-q-z\/\">Tremblay Annie<\/a><\/li>\n<li><a href=\"https:\/\/artisans-venise-en-quebec.com\/fr\/artisans-presentations-q-z\/\">Vivier C\u00e9line<\/a><\/li>\n<li><a href=\"https:\/\/artisans-venise-en-quebec.com\/fr\/artisans-presentations-q-z\/\">Ykema M\u00e9lissa<\/a> (Driftwood Naturals)<\/li>\n<\/ul>\n<p>[\/et_pb_text][\/et_pb_column][et_pb_column type=\u00a0\u00bb1_3&Prime; _builder_version=\u00a0\u00bb4.21.0&Prime; _module_preset=\u00a0\u00bbdefault\u00a0\u00bb global_colors_info=\u00a0\u00bb{}\u00a0\u00bb theme_builder_area=\u00a0\u00bbpost_content\u00a0\u00bb][et_pb_image src=\u00a0\u00bbhttps:\/\/artisans-venise-en-quebec.com\/fr\/wp-content\/uploads\/2023\/09\/Exposants-4-02-09-2023.jpg\u00a0\u00bb title_text=\u00a0\u00bbExposants 4-02-09-2023&Prime; _builder_version=\u00a0\u00bb4.22.1&Prime; _module_preset=\u00a0\u00bbdefault\u00a0\u00bb global_colors_info=\u00a0\u00bb{}\u00a0\u00bb theme_builder_area=\u00a0\u00bbpost_content\u00a0\u00bb][\/et_pb_image][et_pb_image src=\u00a0\u00bbhttps:\/\/artisans-venise-en-quebec.com\/fr\/wp-content\/uploads\/2023\/09\/Exposants-3-02-09-2023.jpg\u00a0\u00bb title_text=\u00a0\u00bbExposants 3-02-09-2023&Prime; _builder_version=\u00a0\u00bb4.22.1&Prime; _module_preset=\u00a0\u00bbdefault\u00a0\u00bb global_colors_info=\u00a0\u00bb{}\u00a0\u00bb theme_builder_area=\u00a0\u00bbpost_content\u00a0\u00bb][\/et_pb_image][et_pb_image src=\u00a0\u00bbhttps:\/\/artisans-venise-en-quebec.com\/fr\/wp-content\/uploads\/2023\/09\/Exposants-2-03-09-2023.jpg\u00a0\u00bb title_text=\u00a0\u00bbExposants 2-03-09-2023&Prime; _builder_version=\u00a0\u00bb4.22.1&Prime; _module_preset=\u00a0\u00bbdefault\u00a0\u00bb global_colors_info=\u00a0\u00bb{}\u00a0\u00bb theme_builder_area=\u00a0\u00bbpost_content\u00a0\u00bb][\/et_pb_image][et_pb_image src=\u00a0\u00bbhttps:\/\/artisans-venise-en-quebec.com\/fr\/wp-content\/uploads\/2023\/09\/Exposants-2-02-09-2023.jpg\u00a0\u00bb title_text=\u00a0\u00bbExposants 2-02-09-2023&Prime; _builder_version=\u00a0\u00bb4.22.1&Prime; _module_preset=\u00a0\u00bbdefault\u00a0\u00bb global_colors_info=\u00a0\u00bb{}\u00a0\u00bb theme_builder_area=\u00a0\u00bbpost_content\u00a0\u00bb][\/et_pb_image][et_pb_image src=\u00a0\u00bbhttps:\/\/artisans-venise-en-quebec.com\/fr\/wp-content\/uploads\/2023\/07\/Les-artisans-vous-attendent-pour-la-derniere-fin-de-semaine-de-lete-Les-2-et-3-septembre.png\u00a0\u00bb title_text=\u00a0\u00bbLes artisans vous attendent pour la derni\u00e8re fin de semaine de l&rsquo;\u00e9t\u00e9 Les 2 et 3 septembre\u00a0\u00bb _builder_version=\u00a0\u00bb4.22.1&Prime; _module_preset=\u00a0\u00bbdefault\u00a0\u00bb global_colors_info=\u00a0\u00bb{}\u00a0\u00bb theme_builder_area=\u00a0\u00bbpost_content\u00a0\u00bb][\/et_pb_image][\/et_pb_column][\/et_pb_row][\/et_pb_section]<\/p>\n","protected":false},"excerpt":{"rendered":"<p>Artisans du 2 septembre 2023Artisans du 2 septembre 2023 Alarie France Bellemare H\u00e9l\u00e8ne (Confection Janelle) Bennoua Imane\u00a0 (Naturesse Cosmetics) Boisaubert Margaret (BrikarDesign) Bouchard Andr\u00e9anne Boulais Martine Bourdages Nancy\u00a0 (Les Cr\u00e9ations NB) Bourdeau Ad\u00e8le (Cr\u00e9ations Hazel-Bijoux) D&rsquo;Amours H\u00e9l\u00e8ne Cdamache cr\u00e9ations) Decelles\u00a0 Natacha (Nadell) Denault Marjolaine (Herba Luminaria) Forcier Claude ( Lampes d\u00e9co) Fortier Martine (Martine Fabrik) [&hellip;]<\/p>\n","protected":false},"author":1,"featured_media":1689,"comment_status":"closed","ping_status":"closed","sticky":false,"template":"","format":"standard","meta":{"_et_pb_use_builder":"on","_et_pb_old_content":"","_et_gb_content_width":"","footnotes":""},"categories":[28],"tags":[31],"class_list":["post-1337","post","type-post","status-publish","format-standard","has-post-thumbnail","hentry","category-28","tag-artisans-du-2-septembre-2023"],"_links":{"self":[{"href":"https:\/\/artisans-venise-en-quebec.com\/fr\/wp-json\/wp\/v2\/posts\/1337","targetHints":{"allow":["GET"]}}],"collection":[{"href":"https:\/\/artisans-venise-en-quebec.com\/fr\/wp-json\/wp\/v2\/posts"}],"about":[{"href":"https:\/\/artisans-venise-en-quebec.com\/fr\/wp-json\/wp\/v2\/types\/post"}],"author":[{"embeddable":true,"href":"https:\/\/artisans-venise-en-quebec.com\/fr\/wp-json\/wp\/v2\/users\/1"}],"replies":[{"embeddable":true,"href":"https:\/\/artisans-venise-en-quebec.com\/fr\/wp-json\/wp\/v2\/comments?post=1337"}],"version-history":[{"count":30,"href":"https:\/\/artisans-venise-en-quebec.com\/fr\/wp-json\/wp\/v2\/posts\/1337\/revisions"}],"predecessor-version":[{"id":2369,"href":"https:\/\/artisans-venise-en-quebec.com\/fr\/wp-json\/wp\/v2\/posts\/1337\/revisions\/2369"}],"wp:featuredmedia":[{"embeddable":true,"href":"https:\/\/artisans-venise-en-quebec.com\/fr\/wp-json\/wp\/v2\/media\/1689"}],"wp:attachment":[{"href":"https:\/\/artisans-venise-en-quebec.com\/fr\/wp-json\/wp\/v2\/media?parent=1337"}],"wp:term":[{"taxonomy":"category","embeddable":true,"href":"https:\/\/artisans-venise-en-quebec.com\/fr\/wp-json\/wp\/v2\/categories?post=1337"},{"taxonomy":"post_tag","embeddable":true,"href":"https:\/\/artisans-venise-en-quebec.com\/fr\/wp-json\/wp\/v2\/tags?post=1337"}],"curies":[{"name":"wp","href":"https:\/\/api.w.org\/{rel}","templated":true}]}}