{"id":1323,"date":"2023-07-03T17:18:39","date_gmt":"2023-07-03T17:18:39","guid":{"rendered":"https:\/\/artisans-venise-en-quebec.com\/fr\/?p=1323"},"modified":"2024-09-09T10:58:55","modified_gmt":"2024-09-09T14:58:55","slug":"artisans-du-29-juillet-2023","status":"publish","type":"post","link":"https:\/\/artisans-venise-en-quebec.com\/fr\/2023\/07\/03\/artisans-du-29-juillet-2023\/","title":{"rendered":"Artisans du 29 juillet 2023"},"content":{"rendered":"<p>[et_pb_section fb_built=\u00a0\u00bb1&Prime; _builder_version=\u00a0\u00bb4.21.0&Prime; _module_preset=\u00a0\u00bbdefault\u00a0\u00bb global_colors_info=\u00a0\u00bb{}\u00a0\u00bb theme_builder_area=\u00a0\u00bbpost_content\u00a0\u00bb][et_pb_row column_structure=\u00a0\u00bb1_2,1_2&Prime; _builder_version=\u00a0\u00bb4.21.0&Prime; _module_preset=\u00a0\u00bbdefault\u00a0\u00bb global_colors_info=\u00a0\u00bb{}\u00a0\u00bb theme_builder_area=\u00a0\u00bbpost_content\u00a0\u00bb][et_pb_column type=\u00a0\u00bb1_2&Prime; _builder_version=\u00a0\u00bb4.21.0&Prime; _module_preset=\u00a0\u00bbdefault\u00a0\u00bb global_colors_info=\u00a0\u00bb{}\u00a0\u00bb theme_builder_area=\u00a0\u00bbpost_content\u00a0\u00bb][et_pb_text _builder_version=\u00a0\u00bb4.21.0&Prime; _module_preset=\u00a0\u00bbdefault\u00a0\u00bb global_colors_info=\u00a0\u00bb{}\u00a0\u00bb theme_builder_area=\u00a0\u00bbpost_content\u00a0\u00bb]<\/p>\n<h3>Artisans du 29 juillet 2023<\/h3>\n<p>[\/et_pb_text][et_pb_image src=\u00a0\u00bbhttps:\/\/artisans-venise-en-quebec.com\/fr\/wp-content\/uploads\/2023\/06\/Banniere-par-de-la-culture-Venise-en-Quebec.jpg\u00a0\u00bb title_text=\u00a0\u00bbBanniere par de la culture Venise-en-Qu\u00e9bec\u00a0\u00bb _builder_version=\u00a0\u00bb4.21.0&Prime; _module_preset=\u00a0\u00bbdefault\u00a0\u00bb box_shadow_style=\u00a0\u00bbpreset1&Prime; global_colors_info=\u00a0\u00bb{}\u00a0\u00bb theme_builder_area=\u00a0\u00bbpost_content\u00a0\u00bb][\/et_pb_image][\/et_pb_column][et_pb_column type=\u00a0\u00bb1_2&Prime; _builder_version=\u00a0\u00bb4.21.0&Prime; _module_preset=\u00a0\u00bbdefault\u00a0\u00bb global_colors_info=\u00a0\u00bb{}\u00a0\u00bb theme_builder_area=\u00a0\u00bbpost_content\u00a0\u00bb][et_pb_text _builder_version=\u00a0\u00bb4.21.0&Prime; _module_preset=\u00a0\u00bbdefault\u00a0\u00bb hover_enabled=\u00a0\u00bb0&Prime; global_colors_info=\u00a0\u00bb{}\u00a0\u00bb theme_builder_area=\u00a0\u00bbpost_content\u00a0\u00bb sticky_enabled=\u00a0\u00bb0&Prime;]<\/p>\n<h3>Artisans du 29 juillet 2023<\/h3>\n<ul>\n<li><a href=\"https:\/\/artisans-venise-en-quebec.com\/fr\/artisans-presentation-a-i\/\">Archambault Anne Lili<\/a><\/li>\n<li><a href=\"https:\/\/artisans-venise-en-quebec.com\/fr\/artisans-presentation-a-i\/\">Bergeron Sonia<\/a> (Grafi-t)<\/li>\n<li><a href=\"https:\/\/artisans-venise-en-quebec.com\/fr\/artisans-presentation-a-i\/\">Bouchard Christiane<\/a> (Kanart)<\/li>\n<li><a href=\"https:\/\/artisans-venise-en-quebec.com\/fr\/artisans-presentation-a-i\/\">Bourdeau Ad\u00e8le<\/a> (Cr\u00e9ations Hazel)<\/li>\n<li><a href=\"https:\/\/artisans-venise-en-quebec.com\/fr\/artisans-presentation-a-i\/\">Brochu Roxanne<\/a> (Coeur Boh\u00e8me)<\/li>\n<li><a href=\"https:\/\/artisans-venise-en-quebec.com\/fr\/artisans-presentation-a-i\/\">D&rsquo;Amours H\u00e9l\u00e8ne<\/a> (damache cr\u00e9ations)<\/li>\n<li><a href=\"https:\/\/artisans-venise-en-quebec.com\/fr\/artisans-presentation-a-i\/\">Decelles\u00a0 Natacha<\/a> (Nadell)<\/li>\n<li><a href=\"https:\/\/artisans-venise-en-quebec.com\/fr\/artisans-presentation-a-i\/\">Desmeules St\u00e9phanie<\/a><\/li>\n<li><a href=\"https:\/\/artisans-venise-en-quebec.com\/fr\/artisans-presentation-a-i\/\">Doucet Jos\u00e9e<\/a><\/li>\n<li><a href=\"https:\/\/artisans-venise-en-quebec.com\/fr\/artisans-presentation-a-i\/\">Dub\u00e9 Gilles &amp; Christiane<\/a> (La Termite)<\/li>\n<li><a href=\"https:\/\/artisans-venise-en-quebec.com\/fr\/artisans-presentation-a-i\/\">Gauthier \u00c9milie<\/a> (Les Cr\u00e9ations d&rsquo;Olivia)<\/li>\n<li><a href=\"https:\/\/artisans-venise-en-quebec.com\/fr\/artisans-presentation-a-i\/\">Gastellier Karine<\/a> (K&rsquo;r\u00e9action)<\/li>\n<li><a href=\"https:\/\/artisans-venise-en-quebec.com\/fr\/artisans-presentation-a-i\/\">Giroux Sylvie<\/a><\/li>\n<li><a href=\"https:\/\/artisans-venise-en-quebec.com\/fr\/artisans-presentation-a-i\/\">Hamel Patrick<\/a> (Les \u00c9ditions le Noeud Papillon)<\/li>\n<li><a href=\"https:\/\/artisans-venise-en-quebec.com\/fr\/artisans-presentations-j-p\/\">Lachapelle Claudette (Tricots)<\/a><\/li>\n<li><a href=\"https:\/\/artisans-venise-en-quebec.com\/fr\/artisans-presentations-j-p\/\">Lambert Manon<\/a> (Autrice)<\/li>\n<li><a href=\"https:\/\/artisans-venise-en-quebec.com\/fr\/artisans-presentations-j-p\/\">Lambert Manon<\/a> (LM Cr\u00e9ations)<\/li>\n<li><a href=\"https:\/\/artisans-venise-en-quebec.com\/fr\/artisans-presentations-j-p\/\">Larivi\u00e8re Manon &amp; Richard<\/a> (Cr\u00e9ations les doigts de f\u00e9e )<\/li>\n<li><a href=\"https:\/\/artisans-venise-en-quebec.com\/fr\/artisans-presentations-j-p\/\">Levek St\u00e9phanie<\/a> (Les cr\u00e9ations WSL )<\/li>\n<li><a href=\"https:\/\/artisans-venise-en-quebec.com\/fr\/artisans-presentations-j-p\/\" style=\"font-size: 14px;\">Lymburner Yves<\/a><span style=\"font-size: 14px;\"> (Yves le sculpteur )<\/span><\/li>\n<li><a href=\"https:\/\/artisans-venise-en-quebec.com\/fr\/artisans-presentations-j-p\/\">Malservisi Mich\u00e8le<\/a><\/li>\n<li><a href=\"https:\/\/artisans-venise-en-quebec.com\/fr\/artisans-presentations-j-p\/\">Mantha-Girard Claudine<\/a> (Univers B &amp; W)<\/li>\n<li><a href=\"https:\/\/artisans-venise-en-quebec.com\/fr\/artisans-presentations-j-p\/\">N\u00e9ron Nathalie<\/a><\/li>\n<li><a href=\"https:\/\/artisans-venise-en-quebec.com\/fr\/artisans-presentations-j-p\">Ouellet Normand \/ Laporte Sylvie<\/a> ( Cr\u00e9ations Normand Ouellet )<\/li>\n<li><a href=\"https:\/\/artisans-venise-en-quebec.com\/fr\/artisans-presentations-j-p\/\">Philie Marie-\u00c8ve<\/a><\/li>\n<li>Reiner Gabriel<\/li>\n<li><a href=\"https:\/\/artisans-venise-en-quebec.com\/fr\/artisans-presentations-q-z\/\">Saint-Pierre Josianne<\/a> (Jeux Face 4)<\/li>\n<li>Samson Pauline<\/li>\n<li><a href=\"https:\/\/artisans-venise-en-quebec.com\/fr\/artisans-presentations-q-z\">Sarrazin Anne<\/a>( Fabrique Tr\u00e9l )<\/li>\n<li><a href=\"https:\/\/artisans-venise-en-quebec.com\/fr\/artisans-presentations-q-z\/\">T\u00e9trault Mich\u00e8le<\/a> (CAPHARNAUM)<\/li>\n<li><a href=\"https:\/\/artisans-venise-en-quebec.com\/fr\/artisans-presentations-q-z\/\">Ykema M\u00e9lissa<\/a> (Driftwood Naturals)<\/li>\n<li><a href=\"https:\/\/artisans-venise-en-quebec.com\/fr\/artisans-presentations-q-z\/\">Zoumenou Linette<\/a><\/li>\n<\/ul>\n<p>[\/et_pb_text][\/et_pb_column][\/et_pb_row][\/et_pb_section]<\/p>\n","protected":false},"excerpt":{"rendered":"<p>Artisans du 29 juillet 2023Artisans du 29 juillet 2023 Archambault Anne Lili Bergeron Sonia (Grafi-t) Bouchard Christiane (Kanart) Bourdeau Ad\u00e8le (Cr\u00e9ations Hazel) Brochu Roxanne (Coeur Boh\u00e8me) D&rsquo;Amours H\u00e9l\u00e8ne (damache cr\u00e9ations) Decelles\u00a0 Natacha (Nadell) Desmeules St\u00e9phanie Doucet Jos\u00e9e Dub\u00e9 Gilles &amp; Christiane (La Termite) Gauthier \u00c9milie (Les Cr\u00e9ations d&rsquo;Olivia) Gastellier Karine (K&rsquo;r\u00e9action) Giroux Sylvie Hamel Patrick [&hellip;]<\/p>\n","protected":false},"author":1,"featured_media":895,"comment_status":"open","ping_status":"open","sticky":false,"template":"","format":"standard","meta":{"_et_pb_use_builder":"on","_et_pb_old_content":"","_et_gb_content_width":"","footnotes":""},"categories":[28],"tags":[32],"class_list":["post-1323","post","type-post","status-publish","format-standard","has-post-thumbnail","hentry","category-28","tag-artisans-du-29-juillet-2023"],"_links":{"self":[{"href":"https:\/\/artisans-venise-en-quebec.com\/fr\/wp-json\/wp\/v2\/posts\/1323","targetHints":{"allow":["GET"]}}],"collection":[{"href":"https:\/\/artisans-venise-en-quebec.com\/fr\/wp-json\/wp\/v2\/posts"}],"about":[{"href":"https:\/\/artisans-venise-en-quebec.com\/fr\/wp-json\/wp\/v2\/types\/post"}],"author":[{"embeddable":true,"href":"https:\/\/artisans-venise-en-quebec.com\/fr\/wp-json\/wp\/v2\/users\/1"}],"replies":[{"embeddable":true,"href":"https:\/\/artisans-venise-en-quebec.com\/fr\/wp-json\/wp\/v2\/comments?post=1323"}],"version-history":[{"count":13,"href":"https:\/\/artisans-venise-en-quebec.com\/fr\/wp-json\/wp\/v2\/posts\/1323\/revisions"}],"predecessor-version":[{"id":1552,"href":"https:\/\/artisans-venise-en-quebec.com\/fr\/wp-json\/wp\/v2\/posts\/1323\/revisions\/1552"}],"wp:featuredmedia":[{"embeddable":true,"href":"https:\/\/artisans-venise-en-quebec.com\/fr\/wp-json\/wp\/v2\/media\/895"}],"wp:attachment":[{"href":"https:\/\/artisans-venise-en-quebec.com\/fr\/wp-json\/wp\/v2\/media?parent=1323"}],"wp:term":[{"taxonomy":"category","embeddable":true,"href":"https:\/\/artisans-venise-en-quebec.com\/fr\/wp-json\/wp\/v2\/categories?post=1323"},{"taxonomy":"post_tag","embeddable":true,"href":"https:\/\/artisans-venise-en-quebec.com\/fr\/wp-json\/wp\/v2\/tags?post=1323"}],"curies":[{"name":"wp","href":"https:\/\/api.w.org\/{rel}","templated":true}]}}