{"id":1120,"date":"2023-06-24T18:44:19","date_gmt":"2023-06-24T18:44:19","guid":{"rendered":"https:\/\/artisans-venise-en-quebec.com\/fr\/?p=1120"},"modified":"2024-09-09T10:59:36","modified_gmt":"2024-09-09T14:59:36","slug":"artisans-du-1er-juillet-2023","status":"publish","type":"post","link":"https:\/\/artisans-venise-en-quebec.com\/fr\/2023\/06\/24\/artisans-du-1er-juillet-2023\/","title":{"rendered":"Artisans du 1er juillet 2023"},"content":{"rendered":"<p>[et_pb_section fb_built=\u00a0\u00bb1&Prime; _builder_version=\u00a0\u00bb4.21.0&Prime; _module_preset=\u00a0\u00bbdefault\u00a0\u00bb global_colors_info=\u00a0\u00bb{}\u00a0\u00bb theme_builder_area=\u00a0\u00bbpost_content\u00a0\u00bb][et_pb_row column_structure=\u00a0\u00bb1_2,1_2&Prime; _builder_version=\u00a0\u00bb4.21.0&Prime; _module_preset=\u00a0\u00bbdefault\u00a0\u00bb global_colors_info=\u00a0\u00bb{}\u00a0\u00bb theme_builder_area=\u00a0\u00bbpost_content\u00a0\u00bb][et_pb_column type=\u00a0\u00bb1_2&Prime; _builder_version=\u00a0\u00bb4.21.0&Prime; _module_preset=\u00a0\u00bbdefault\u00a0\u00bb global_colors_info=\u00a0\u00bb{}\u00a0\u00bb theme_builder_area=\u00a0\u00bbpost_content\u00a0\u00bb][et_pb_text _builder_version=\u00a0\u00bb4.21.0&Prime; _module_preset=\u00a0\u00bbdefault\u00a0\u00bb global_colors_info=\u00a0\u00bb{}\u00a0\u00bb theme_builder_area=\u00a0\u00bbpost_content\u00a0\u00bb]<\/p>\n<h3>Artisans du 1er juillet 2023<\/h3>\n<p>[\/et_pb_text][et_pb_image src=\u00a0\u00bbhttps:\/\/artisans-venise-en-quebec.com\/fr\/wp-content\/uploads\/2023\/06\/Banniere-par-de-la-culture-Venise-en-Quebec.jpg\u00a0\u00bb title_text=\u00a0\u00bbBanniere par de la culture Venise-en-Qu\u00e9bec\u00a0\u00bb _builder_version=\u00a0\u00bb4.21.0&Prime; _module_preset=\u00a0\u00bbdefault\u00a0\u00bb box_shadow_style=\u00a0\u00bbpreset1&Prime; global_colors_info=\u00a0\u00bb{}\u00a0\u00bb theme_builder_area=\u00a0\u00bbpost_content\u00a0\u00bb][\/et_pb_image][\/et_pb_column][et_pb_column type=\u00a0\u00bb1_2&Prime; _builder_version=\u00a0\u00bb4.21.0&Prime; _module_preset=\u00a0\u00bbdefault\u00a0\u00bb global_colors_info=\u00a0\u00bb{}\u00a0\u00bb theme_builder_area=\u00a0\u00bbpost_content\u00a0\u00bb][et_pb_text _builder_version=\u00a0\u00bb4.21.0&Prime; _module_preset=\u00a0\u00bbdefault\u00a0\u00bb global_colors_info=\u00a0\u00bb{}\u00a0\u00bb theme_builder_area=\u00a0\u00bbpost_content\u00a0\u00bb]<\/p>\n<h3>Artisans du 1er juillet 2023<\/h3>\n<ul>\n<li><a href=\"https:\/\/artisans-venise-en-quebec.com\/fr\/artisans-presentations-a-i\/\">Alarie France<\/a> (Frank Collection)<\/li>\n<li><a href=\"https:\/\/artisans-venise-en-quebec.com\/fr\/artisans-presentation-a-i\/\">Beauregard Armande<\/a><\/li>\n<li>\n<div dir=\"auto\"><a href=\"https:\/\/artisans-venise-en-quebec.com\/fr\/artisans-presentation-a-i\/\">Bergeron Caroline<\/a> (Les laines Biscotte)<\/div>\n<\/li>\n<li>\n<div dir=\"auto\"><a href=\"https:\/\/artisans-venise-en-quebec.com\/fr\/artisans-presentation-a-i\/\">Boisaubert Margaret<\/a> ( BrikarDesign)<\/div>\n<\/li>\n<li><a href=\"https:\/\/artisans-venise-en-quebec.com\/fr\/artisans-presentation-a-i\/\">Bouchard Christine<\/a> (Kanart)<\/li>\n<li><a href=\"https:\/\/artisans-venise-en-quebec.com\/fr\/artisans-presentation-a-i\/\">Bourdeau Ad\u00e8le<\/a> (Cr\u00e9ations Hazel)<\/li>\n<li><a href=\"https:\/\/artisans-venise-en-quebec.com\/fr\/artisans-presentation-a-i\/\">Chagnon Doris<\/a> (OH Joyaux)<\/li>\n<li><a href=\"https:\/\/artisans-venise-en-quebec.com\/fr\/artisans-presentation-a-i\/\">Choini\u00e8re Bruneau<\/a> (Brunault Inc.)<\/li>\n<li><a href=\"https:\/\/artisans-venise-en-quebec.com\/fr\/artisans-presentation-a-i\/\">D&rsquo;Amours H\u00e9l\u00e8ne<\/a> (Damache cr\u00e9ations)<\/li>\n<li>\n<div dir=\"auto\"><a href=\"https:\/\/artisans-venise-en-quebec.com\/fr\/artisans-presentation-a-i\/\">Decelles Natacha<\/a> ( Nadell )<\/div>\n<\/li>\n<li>\n<div dir=\"auto\"><a href=\"https:\/\/artisans-venise-en-quebec.com\/fr\/artisans-presentation-a-i\/\">Dub\u00e9 C\u00e9line<\/a> (Cr\u00e9ation Celyn)<\/div>\n<\/li>\n<li><a href=\"https:\/\/artisans-venise-en-quebec.com\/fr\/artisans-presentation-a-i\/\">Garneau Sylvie<\/a>\u00a0 (Cr\u00e9ation Garno)<\/li>\n<li><a href=\"https:\/\/artisans-venise-en-quebec.com\/fr\/artisans-presentations-a-i\/\">Gastellier Karine\u00a0<\/a> (K&rsquo;r\u00e9ation)<\/li>\n<li><a href=\"https:\/\/artisans-venise-en-quebec.com\/fr\/artisans-presentations-j-p\/\">Lagarde Lydia<\/a> (Editions Lo-Ely)<\/li>\n<li><a href=\"https:\/\/artisans-venise-en-quebec.com\/fr\/artisans-presentations-j-p\/\">Larivi\u00e8re Manon &amp; Richard<\/a> (Cr\u00e9ations les doigts de f\u00e9e)<\/li>\n<li>\n<div dir=\"auto\"><a href=\"https:\/\/artisans-venise-en-quebec.com\/fr\/artisans-presentations-j-p\/\">Levek St\u00e9phanie<\/a> ( Les cr\u00e9ations WSL)<\/div>\n<\/li>\n<li>\n<div dir=\"auto\"><a href=\"https:\/\/artisans-venise-en-quebec.com\/fr\/artisans-presentations-j-p\/\" style=\"font-size: 14px;\">Lymburner Yves<\/a><span style=\"font-size: 14px;\"> ( Yves le sculpteur)<\/span><\/div>\n<\/li>\n<li><a href=\"https:\/\/artisans-venise-en-quebec.com\/fr\/artisans-presentations-j-p\/\">Ouellet Normand \/ Laporte Sylvie<\/a>( Cr\u00e9ations Normand Ouellet )<\/li>\n<li><a href=\"https:\/\/artisans-venise-en-quebec.com\/fr\/artisans-presentations-j-p\/\">Pilote M\u00e9linda<\/a> ( Cr\u00e9ation May artisanat)<\/li>\n<li><a href=\"https:\/\/artisans-venise-en-quebec.com\/fr\/artisans-presentations-q-z\/\">Richard Andr\u00e9e-Anne<\/a> (Boutique Inspiration Nautique)<\/li>\n<li><a href=\"https:\/\/artisans-venise-en-quebec.com\/fr\/artisans-presentations-q-z\/\">Routhier Mich\u00e8le<\/a><\/li>\n<li>Samson Pauline<\/li>\n<li><a href=\"https:\/\/artisans-venise-en-quebec.com\/fr\/artisans-presentations-q-z\/\">Sarrazin Anne<\/a>( Fabrique Tr\u00e9l)<\/li>\n<li>\n<div dir=\"auto\"><a href=\"https:\/\/artisans-venise-en-quebec.com\/fr\/artisans-presentations-q-z\/\">T\u00e9trault Mich\u00e8le<\/a> ( Capharnaum )<\/div>\n<\/li>\n<li>\n<div dir=\"auto\"><a href=\"https:\/\/artisans-venise-en-quebec.com\/fr\/artisans-presentations-q-z\/\">Vincent Nathalie<\/a> (Thalie passion)<\/div>\n<\/li>\n<\/ul>\n<p>[\/et_pb_text][\/et_pb_column][\/et_pb_row][\/et_pb_section]<\/p>\n","protected":false},"excerpt":{"rendered":"<p>Artisans du 1er juillet 2023Artisans du 1er juillet 2023 Alarie France (Frank Collection) Beauregard Armande Bergeron Caroline (Les laines Biscotte) Boisaubert Margaret ( BrikarDesign) Bouchard Christine (Kanart) Bourdeau Ad\u00e8le (Cr\u00e9ations Hazel) Chagnon Doris (OH Joyaux) Choini\u00e8re Bruneau (Brunault Inc.) D&rsquo;Amours H\u00e9l\u00e8ne (Damache cr\u00e9ations) Decelles Natacha ( Nadell ) Dub\u00e9 C\u00e9line (Cr\u00e9ation Celyn) Garneau Sylvie\u00a0 (Cr\u00e9ation [&hellip;]<\/p>\n","protected":false},"author":1,"featured_media":895,"comment_status":"open","ping_status":"open","sticky":false,"template":"","format":"standard","meta":{"_et_pb_use_builder":"on","_et_pb_old_content":"","_et_gb_content_width":"","footnotes":""},"categories":[28],"tags":[25],"class_list":["post-1120","post","type-post","status-publish","format-standard","has-post-thumbnail","hentry","category-28","tag-artisans-du-1er-juillet2023"],"_links":{"self":[{"href":"https:\/\/artisans-venise-en-quebec.com\/fr\/wp-json\/wp\/v2\/posts\/1120","targetHints":{"allow":["GET"]}}],"collection":[{"href":"https:\/\/artisans-venise-en-quebec.com\/fr\/wp-json\/wp\/v2\/posts"}],"about":[{"href":"https:\/\/artisans-venise-en-quebec.com\/fr\/wp-json\/wp\/v2\/types\/post"}],"author":[{"embeddable":true,"href":"https:\/\/artisans-venise-en-quebec.com\/fr\/wp-json\/wp\/v2\/users\/1"}],"replies":[{"embeddable":true,"href":"https:\/\/artisans-venise-en-quebec.com\/fr\/wp-json\/wp\/v2\/comments?post=1120"}],"version-history":[{"count":14,"href":"https:\/\/artisans-venise-en-quebec.com\/fr\/wp-json\/wp\/v2\/posts\/1120\/revisions"}],"predecessor-version":[{"id":1516,"href":"https:\/\/artisans-venise-en-quebec.com\/fr\/wp-json\/wp\/v2\/posts\/1120\/revisions\/1516"}],"wp:featuredmedia":[{"embeddable":true,"href":"https:\/\/artisans-venise-en-quebec.com\/fr\/wp-json\/wp\/v2\/media\/895"}],"wp:attachment":[{"href":"https:\/\/artisans-venise-en-quebec.com\/fr\/wp-json\/wp\/v2\/media?parent=1120"}],"wp:term":[{"taxonomy":"category","embeddable":true,"href":"https:\/\/artisans-venise-en-quebec.com\/fr\/wp-json\/wp\/v2\/categories?post=1120"},{"taxonomy":"post_tag","embeddable":true,"href":"https:\/\/artisans-venise-en-quebec.com\/fr\/wp-json\/wp\/v2\/tags?post=1120"}],"curies":[{"name":"wp","href":"https:\/\/api.w.org\/{rel}","templated":true}]}}